{"id":493,"date":"2019-01-24T18:16:05","date_gmt":"2019-01-24T17:16:05","guid":{"rendered":"http:\/\/louisedutheil.com\/roadtrip\/?p=493"},"modified":"2019-03-28T23:29:59","modified_gmt":"2019-03-28T22:29:59","slug":"connemara-national-park","status":"publish","type":"post","link":"http:\/\/louisedutheil.com\/roadtrip\/2019\/01\/24\/connemara-national-park\/","title":{"rendered":"Randonn\u00e9e au Connemara National Park"},"content":{"rendered":"\t\t<div data-elementor-type=\"wp-post\" data-elementor-id=\"493\" class=\"elementor elementor-493 elementor-bc-flex-widget\" data-elementor-settings=\"[]\">\n\t\t\t\t\t\t<div class=\"elementor-inner\">\n\t\t\t\t\t\t\t<div class=\"elementor-section-wrap\">\n\t\t\t\t\t\t\t<section class=\"elementor-section elementor-top-section elementor-element elementor-element-0559322 elementor-section-stretched elementor-section-boxed elementor-section-height-default elementor-section-height-default\" data-id=\"0559322\" data-element_type=\"section\" data-settings=\"{&quot;stretch_section&quot;:&quot;section-stretched&quot;}\">\n\t\t\t\t\t\t<div class=\"elementor-container elementor-column-gap-default\">\n\t\t\t\t\t\t\t<div class=\"elementor-row\">\n\t\t\t\t\t<div class=\"elementor-column elementor-col-100 elementor-top-column elementor-element elementor-element-cd23bf7\" data-id=\"cd23bf7\" data-element_type=\"column\">\n\t\t\t<div class=\"elementor-column-wrap elementor-element-populated\">\n\t\t\t\t\t\t\t<div class=\"elementor-widget-wrap\">\n\t\t\t\t\t\t<div class=\"elementor-element elementor-element-a3126fc elementor-widget elementor-widget-text-editor\" data-id=\"a3126fc\" data-element_type=\"widget\" data-widget_type=\"text-editor.default\">\n\t\t\t\t<div class=\"elementor-widget-container\">\n\t\t\t\t\t\t\t\t<div class=\"elementor-text-editor elementor-clearfix\">\n\t\t\t\t\t<p>Petite escapade au milieu du parc national du Connemara, direction le sommet du Diamond Hill. M\u00e9t\u00e9o pas tr\u00e8s favorable, le vent nous emp\u00eache d\u2019atteindre le point de vue final.\u00a0Ces vastes \u00e9tendues, et ce paysage typique nous en mettent plein les yeux, notre premi\u00e8re randonn\u00e9e digne de ce nom est une r\u00e9ussite!<\/p>\t\t\t\t\t<\/div>\n\t\t\t\t\t\t<\/div>\n\t\t\t\t<\/div>\n\t\t\t\t<div class=\"elementor-element elementor-element-b76b031 elementor-widget elementor-widget-spacer\" data-id=\"b76b031\" data-element_type=\"widget\" data-widget_type=\"spacer.default\">\n\t\t\t\t<div class=\"elementor-widget-container\">\n\t\t\t\t\t<div class=\"elementor-spacer\">\n\t\t\t<div class=\"elementor-spacer-inner\"><\/div>\n\t\t<\/div>\n\t\t\t\t<\/div>\n\t\t\t\t<\/div>\n\t\t\t\t<div class=\"elementor-element elementor-element-0d0c6d8 elementor-aspect-ratio-169 elementor-widget elementor-widget-video\" data-id=\"0d0c6d8\" data-element_type=\"widget\" data-settings=\"{&quot;youtube_url&quot;:&quot;https:\\\/\\\/www.youtube.com\\\/watch?v=VYbfRcGjE4Q&quot;,&quot;video_type&quot;:&quot;youtube&quot;,&quot;controls&quot;:&quot;yes&quot;,&quot;aspect_ratio&quot;:&quot;169&quot;}\" data-widget_type=\"video.default\">\n\t\t\t\t<div class=\"elementor-widget-container\">\n\t\t\t\t\t<div class=\"elementor-wrapper elementor-fit-aspect-ratio elementor-open-inline\">\n\t\t\t<div class=\"elementor-video\"><\/div>\t\t<\/div>\n\t\t\t\t<\/div>\n\t\t\t\t<\/div>\n\t\t\t\t\t\t<\/div>\n\t\t\t\t\t<\/div>\n\t\t<\/div>\n\t\t\t\t\t\t\t\t<\/div>\n\t\t\t\t\t<\/div>\n\t\t<\/section>\n\t\t\t\t\t\t<\/div>\n\t\t\t\t\t\t<\/div>\n\t\t\t\t\t<\/div>\n\t\t","protected":false},"excerpt":{"rendered":"<p>Petite escapade au milieu du parc national du Connemara, direction le sommet du Diamond Hill. M\u00e9t\u00e9o pas tr\u00e8s favorable, le vent nous emp\u00eache d\u2019atteindre le point de vue final.\u00a0Ces vastes \u00e9tendues, et ce paysage typique nous en mettent plein les yeux, notre premi\u00e8re randonn\u00e9e digne de ce nom est une r\u00e9ussite!<\/p>\n","protected":false},"author":1,"featured_media":498,"comment_status":"open","ping_status":"open","sticky":false,"template":"","format":"standard","meta":{"spay_email":"","jetpack_publicize_message":"","jetpack_is_tweetstorm":false},"categories":[8,12],"tags":[],"jetpack_featured_media_url":"https:\/\/i2.wp.com\/louisedutheil.com\/roadtrip\/wp-content\/uploads\/2019\/01\/video-national-park.png?fit=1920%2C1080","jetpack_publicize_connections":[],"jetpack_sharing_enabled":true,"jetpack_shortlink":"https:\/\/wp.me\/p9W7yA-7X","jetpack-related-posts":[{"id":481,"url":"http:\/\/louisedutheil.com\/roadtrip\/2018\/11\/26\/connemara\/","url_meta":{"origin":493,"position":0},"title":"Connemara","date":"26 novembre 2018","format":false,"excerpt":"Balade dans le parc national du Connemara \u00e0 Letterfrack","rel":"","context":"Dans &quot;Ireland&quot;","img":{"alt_text":"","src":"https:\/\/i2.wp.com\/louisedutheil.com\/roadtrip\/wp-content\/uploads\/2018\/11\/P1050623.jpg?fit=1200%2C801&resize=350%2C200","width":350,"height":200},"classes":[]},{"id":447,"url":"http:\/\/louisedutheil.com\/roadtrip\/2018\/11\/12\/galway-girls\/","url_meta":{"origin":493,"position":1},"title":"Galway girls","date":"12 novembre 2018","format":false,"excerpt":"Durant notre trajet en bus pour changer de destination, on d\u00e9couvre petit \u00e0 petit de nouveaux paysages. Les grands axes routiers se transforment en petites routes de campagnes, les vall\u00e9es et prairies verdoyantes remplacent les immeubles, on quitte la ville pour d\u00e9couvrir la beaut\u00e9 des paysages Irlandais. La travers\u00e9e du\u2026","rel":"","context":"Dans &quot;Ireland&quot;","img":{"alt_text":"","src":"https:\/\/i1.wp.com\/louisedutheil.com\/roadtrip\/wp-content\/uploads\/2018\/12\/IMG_20181114_153855-2.jpg?fit=1200%2C824&resize=350%2C200","width":350,"height":200},"classes":[]},{"id":405,"url":"http:\/\/louisedutheil.com\/roadtrip\/2018\/12\/13\/check-list\/","url_meta":{"origin":493,"position":2},"title":"Check List \u2611","date":"13 d\u00e9cembre 2018","format":false,"excerpt":"Se faire embarquer dans une danse irlandaise avec des inconnus dans un pub. Voir les tits d\u2019un canadien en plein Temple Bar. \u00a0 \u00a0 \u00a0 \u00a0 \u00a0 \u00a0*Tits = t\u00e9tons en canadien ! \u00c7a vous \u00e9vitera une recherche google \u00e9trange. Confondre le lave linge et le s\u00e8che linge. Ouvrir la\u2026","rel":"","context":"Dans &quot;Tips &amp; Anecdotes&quot;","img":{"alt_text":"","src":"https:\/\/i2.wp.com\/louisedutheil.com\/roadtrip\/wp-content\/uploads\/2018\/12\/IMG_20181115_180139-Copie-3.jpg?fit=1200%2C786&resize=350%2C200","width":350,"height":200},"classes":[]},{"id":643,"url":"http:\/\/louisedutheil.com\/roadtrip\/2019\/05\/12\/les-iles-canaries\/","url_meta":{"origin":493,"position":3},"title":"Les \u00eeles Canaries, la libert\u00e9 retrouv\u00e9e","date":"12 mai 2019","format":false,"excerpt":"Nous avons quitt\u00e9 la famille Walsh, nos 3 chiens adoptifs, nos 200 vaches laiti\u00e8res et nos journ\u00e9es interminables le dimanche 17 f\u00e9vrier. Nous avons pass\u00e9 une semaine \u00e0 Cork, petite ville au sud de l\u2019Irlande pour visiter mais surtout faire la f\u00eate apr\u00e8s ces 3 semaines coup\u00e9es du monde. Nous\u2026","rel":"","context":"Dans &quot;Articles&quot;","img":{"alt_text":"","src":"https:\/\/i1.wp.com\/louisedutheil.com\/roadtrip\/wp-content\/uploads\/2019\/05\/palmiers-masca.jpg?fit=1200%2C801&resize=350%2C200","width":350,"height":200},"classes":[]},{"id":336,"url":"http:\/\/louisedutheil.com\/roadtrip\/2018\/11\/06\/dublin-le-premier-saut-dans-linconnu\/","url_meta":{"origin":493,"position":4},"title":"Dublin, le premier saut dans l'inconnu","date":"6 novembre 2018","format":false,"excerpt":"Apr\u00e8s plusieurs semaines de pr\u00e9paratifs, d\u2019organisation et d\u2019attente interminable, nous voil\u00e0 enfin le 6 Novembre, r\u00e9veil 6h du matin pour le fameux d\u00e9part de notre grande aventure. Un m\u00e9lange d\u2019\u00e9motions nous envahit, l\u2019excitation de partir, le stress du d\u00e9part, et la tristesse que l\u2019\u00e9loignement peut procurer, mais une folle envie\u2026","rel":"","context":"Dans &quot;Ireland&quot;","img":{"alt_text":"","src":"https:\/\/i0.wp.com\/louisedutheil.com\/roadtrip\/wp-content\/uploads\/2018\/12\/IMG_20181107_112638.jpg?fit=900%2C1200&resize=350%2C200","width":350,"height":200},"classes":[]},{"id":591,"url":"http:\/\/louisedutheil.com\/roadtrip\/2019\/04\/04\/la-galere-est-dans-le-pre\/","url_meta":{"origin":493,"position":5},"title":"La gal\u00e8re est dans le pr\u00e9","date":"4 avril 2019","format":false,"excerpt":"Apr\u00e8s un mois et demi de repos en France, nous avons eu le temps de revoir nos proches, profitez des f\u00eates de fin d\u2019ann\u00e9e en famille et passer du temps avec nos amis. Nous voil\u00e0 donc remplies d\u2019\u00e9nergie pour repartir vers de nouveaux horizons pendant plusieurs mois. Le 27 janvier,\u2026","rel":"","context":"Dans &quot;Ireland&quot;","img":{"alt_text":"","src":"https:\/\/i1.wp.com\/louisedutheil.com\/roadtrip\/wp-content\/uploads\/2019\/04\/379-e1554402045972.jpg?fit=1200%2C675&resize=350%2C200","width":350,"height":200},"classes":[]}],"_links":{"self":[{"href":"http:\/\/louisedutheil.com\/roadtrip\/wp-json\/wp\/v2\/posts\/493"}],"collection":[{"href":"http:\/\/louisedutheil.com\/roadtrip\/wp-json\/wp\/v2\/posts"}],"about":[{"href":"http:\/\/louisedutheil.com\/roadtrip\/wp-json\/wp\/v2\/types\/post"}],"author":[{"embeddable":true,"href":"http:\/\/louisedutheil.com\/roadtrip\/wp-json\/wp\/v2\/users\/1"}],"replies":[{"embeddable":true,"href":"http:\/\/louisedutheil.com\/roadtrip\/wp-json\/wp\/v2\/comments?post=493"}],"version-history":[{"count":4,"href":"http:\/\/louisedutheil.com\/roadtrip\/wp-json\/wp\/v2\/posts\/493\/revisions"}],"predecessor-version":[{"id":507,"href":"http:\/\/louisedutheil.com\/roadtrip\/wp-json\/wp\/v2\/posts\/493\/revisions\/507"}],"wp:featuredmedia":[{"embeddable":true,"href":"http:\/\/louisedutheil.com\/roadtrip\/wp-json\/wp\/v2\/media\/498"}],"wp:attachment":[{"href":"http:\/\/louisedutheil.com\/roadtrip\/wp-json\/wp\/v2\/media?parent=493"}],"wp:term":[{"taxonomy":"category","embeddable":true,"href":"http:\/\/louisedutheil.com\/roadtrip\/wp-json\/wp\/v2\/categories?post=493"},{"taxonomy":"post_tag","embeddable":true,"href":"http:\/\/louisedutheil.com\/roadtrip\/wp-json\/wp\/v2\/tags?post=493"}],"curies":[{"name":"wp","href":"https:\/\/api.w.org\/{rel}","templated":true}]}}